{"id":658,"date":"2019-09-04T11:25:29","date_gmt":"2019-09-04T09:25:29","guid":{"rendered":"http:\/\/2018.substanz-os.de\/?p=658"},"modified":"2019-09-04T11:25:29","modified_gmt":"2019-09-04T09:25:29","slug":"10-09-vortrag-zu-gewalt-gegen-frauen","status":"publish","type":"post","link":"https:\/\/www.substanz-os.de\/?p=658","title":{"rendered":"10.09.: Vortrag zu Gewalt gegen Frauen"},"content":{"rendered":"\n<p>Der Vortrag findet im Rahmen der Frauenkneipe statt, ist aber f\u00fcr alle Geschlechter offen. Die T\u00fcren werden ab 19 Uhr ge\u00f6ffnet. <\/p>\n\n\n\n<p>GEWALT \u2013 STRUKTURELLE GEWALT \u2013 H\u00c4USLICHE GEWALT<\/p>\n\n\n\n<p>Was verstehen wir eigentlich unter dem Begriff \u201eGewalt\u201c? Und was ist dann \u201eStrukturelle Gewalt\u201c und wo verbirgt sie sich wom\u00f6glich? Und warum sind Frauen beim Thema \u201eH\u00e4usliche Gewalt\u201c so besonders betroffen?<br>In einem kurzen \u00dcberblick m\u00f6chte ich versuchen, die Begriffe zu kl\u00e4ren und mit Ihnen gemeinsam zu schauen, wie unser aller Leben von unterschiedlichen Formen von Gewalt gepr\u00e4gt ist. Und vielleicht gibt es Ideen, was dagegen zu tun ist?<\/p>\n\n\n\n<p>Referentin: Christa Krimmler (&#8222;Rosenstra\u00dfe 76&#8220;)<\/p>\n\n\n\n<p>*Kinder haben Platz in der Frauenkneipe und im SubstAnZ, f\u00fcr Betreuung und Spielunterhaltung ist gesorgt<br>*Der Raum hat einen barrierearmen Zugang und eine barrierearme Toilette.<\/p>\n","protected":false},"excerpt":{"rendered":"<p>Der Vortrag findet im Rahmen der Frauenkneipe statt, ist aber f\u00fcr alle Geschlechter offen. Die T\u00fcren werden ab 19 Uhr ge\u00f6ffnet. GEWALT \u2013 STRUKTURELLE GEWALT \u2013 H\u00c4USLICHE GEWALT Was verstehen wir eigentlich unter dem Begriff \u201eGewalt\u201c? Und was ist dann \u201eStrukturelle Gewalt\u201c und wo verbirgt sie sich wom\u00f6glich? Und warum sind Frauen beim Thema \u201eH\u00e4usliche &hellip; <\/p>\n<p class=\"link-more\"><a href=\"https:\/\/www.substanz-os.de\/?p=658\" class=\"more-link\"><span class=\"screen-reader-text\">\u201e10.09.: Vortrag zu Gewalt gegen Frauen\u201c<\/span> weiterlesen<\/a><\/p>\n","protected":false},"author":11,"featured_media":0,"comment_status":"closed","ping_status":"closed","sticky":false,"template":"","format":"standard","meta":[],"categories":[1,23],"tags":[104,106,105,93],"post_mailing_queue_ids":[],"_links":{"self":[{"href":"https:\/\/www.substanz-os.de\/index.php?rest_route=\/wp\/v2\/posts\/658"}],"collection":[{"href":"https:\/\/www.substanz-os.de\/index.php?rest_route=\/wp\/v2\/posts"}],"about":[{"href":"https:\/\/www.substanz-os.de\/index.php?rest_route=\/wp\/v2\/types\/post"}],"author":[{"embeddable":true,"href":"https:\/\/www.substanz-os.de\/index.php?rest_route=\/wp\/v2\/users\/11"}],"replies":[{"embeddable":true,"href":"https:\/\/www.substanz-os.de\/index.php?rest_route=%2Fwp%2Fv2%2Fcomments&post=658"}],"version-history":[{"count":1,"href":"https:\/\/www.substanz-os.de\/index.php?rest_route=\/wp\/v2\/posts\/658\/revisions"}],"predecessor-version":[{"id":659,"href":"https:\/\/www.substanz-os.de\/index.php?rest_route=\/wp\/v2\/posts\/658\/revisions\/659"}],"wp:attachment":[{"href":"https:\/\/www.substanz-os.de\/index.php?rest_route=%2Fwp%2Fv2%2Fmedia&parent=658"}],"wp:term":[{"taxonomy":"category","embeddable":true,"href":"https:\/\/www.substanz-os.de\/index.php?rest_route=%2Fwp%2Fv2%2Fcategories&post=658"},{"taxonomy":"post_tag","embeddable":true,"href":"https:\/\/www.substanz-os.de\/index.php?rest_route=%2Fwp%2Fv2%2Ftags&post=658"}],"curies":[{"name":"wp","href":"https:\/\/api.w.org\/{rel}","templated":true}]}}