{"id":220,"date":"2017-01-13T14:19:27","date_gmt":"2017-01-13T13:19:27","guid":{"rendered":"http:\/\/2018.substanz-os.de\/?p=220"},"modified":"2018-10-22T10:42:42","modified_gmt":"2018-10-22T08:42:42","slug":"freiraeume-organisieren-und-erhalten","status":"publish","type":"post","link":"https:\/\/www.substanz-os.de\/?p=220","title":{"rendered":"Freir\u00e4ume organisieren und erhalten"},"content":{"rendered":"\n<p>bundesweiter Freiraum-Kongress 26.-28. Mai 2017 | SubstAnZ Osnabr\u00fcck<\/p>\n\n\n\n<p>Das selbstverwaltete Zentrum SubstAnZ Osnabr\u00fcck organisiert vom \n26.-28. Mai 2017 einen Freiraum-Kongress und richtet sich ausschlie\u00dflich\n an bestehende Freir\u00e4ume, Autonome Zentren, selbstverwaltete Kultur- und\n Jugendzentren und Locations mit einem linken Selbstverst\u00e4ndnis.<\/p>\n\n\n\n<p><strong>Vorank\u00fcndigung<\/strong>:<br>\nSchon h\u00e4ufiger sind wir auf Freiraumtagen oder -Treffen etc. vertreten \ngewesen. Besonders in unserer Anfangszeit, vor \u00fcber zehn Jahren, waren \ndiese informativ und unverzichtbar bei der Findung und Formung eines \nFreiraumgedankens. Inzwischen haben wir diesen Schritt hinter uns \ngelassen, sind l\u00e4ngst in der Realit\u00e4t angekommen und m\u00fcssen uns ganz \nnat\u00fcrlichen und weltlichen Dingen stellen. Auf den genannten \nFreitaumtreffen kommen allt\u00e4gliche Fragen wie <strong>Vorsteuerabzugsberechtigung<\/strong>, <strong>Haftung<\/strong>, <strong>gGmbH<\/strong>, und <strong>Gemeinn\u00fctzigkeit<\/strong>\n und viele andere, meist b\u00fcrokratische Themen, nur selten oder gar nicht\n vor. Um diese L\u00fccke zu schlie\u00dfen, m\u00f6chten wir im Mai 2017 einen \nFreiraum-Kongress organiseren. In diesem k\u00f6nnen sich bestehende \nFreir\u00e4ume zu Themen wie <strong>Rechtssicherheit<\/strong>,<strong> Plena- und Hausorganisation<\/strong>, <strong>Steuererkl\u00e4rung<\/strong>, <strong>Schutz- und Sicherheitskonzepten<\/strong>, <strong>Hierachieabbau<\/strong>, <strong>Awareness<\/strong>, <strong>Finanzierung<\/strong> oder das <strong>Einbringen in zivilgesellschaftlichen und politischen Strukturen<\/strong> und<strong> vieles andere<\/strong>, austauschen und vernetzen.<\/p>\n\n\n\n<p>Wir planen externe Fach-Referent*innen einzuladen um verl\u00e4ssliche \nAntworten zu erhalten. Gerne k\u00f6nnt Ihr uns zeitnah Themenw\u00fcnsche \nzukommen lassen oder Euch bereiterkl\u00e4ren, zu bestimmten Sachen einen \neigenen Vortrag oder Workshop anzubieten.<\/p>\n\n\n\n<p>In den n\u00e4chsten Wochen und Monaten werden wir selbstverst\u00e4ndlich mehr\n Informationen verbreiten. Sofern Ihr Euch angesprochen f\u00fchlt und Euer \nFreiraum noch keine Einladung erhalten hat, schreibt uns bitte eine \nMail.<\/p>\n\n\n\n<p><a href=\"http:\/\/www.substanz-os.de\/wp-content\/uploads\/2017\/04\/Freiraum-Kongress-OS.pdf\" target=\"_blank\" rel=\"noreferrer noopener\">Download des Flyers<\/a><\/p>\n","protected":false},"excerpt":{"rendered":"<p>bundesweiter Freiraum-Kongress 26.-28. Mai 2017 | SubstAnZ Osnabr\u00fcck Das selbstverwaltete Zentrum SubstAnZ Osnabr\u00fcck organisiert vom 26.-28. Mai 2017 einen Freiraum-Kongress und richtet sich ausschlie\u00dflich an bestehende Freir\u00e4ume, Autonome Zentren, selbstverwaltete Kultur- und Jugendzentren und Locations mit einem linken Selbstverst\u00e4ndnis. Vorank\u00fcndigung: Schon h\u00e4ufiger sind wir auf Freiraumtagen oder -Treffen etc. vertreten gewesen. Besonders in unserer Anfangszeit, &hellip; <\/p>\n<p class=\"link-more\"><a href=\"https:\/\/www.substanz-os.de\/?p=220\" class=\"more-link\"><span class=\"screen-reader-text\">\u201eFreir\u00e4ume organisieren und erhalten\u201c<\/span> weiterlesen<\/a><\/p>\n","protected":false},"author":2,"featured_media":0,"comment_status":"open","ping_status":"open","sticky":false,"template":"","format":"standard","meta":[],"categories":[1],"tags":[32],"post_mailing_queue_ids":[],"_links":{"self":[{"href":"https:\/\/www.substanz-os.de\/index.php?rest_route=\/wp\/v2\/posts\/220"}],"collection":[{"href":"https:\/\/www.substanz-os.de\/index.php?rest_route=\/wp\/v2\/posts"}],"about":[{"href":"https:\/\/www.substanz-os.de\/index.php?rest_route=\/wp\/v2\/types\/post"}],"author":[{"embeddable":true,"href":"https:\/\/www.substanz-os.de\/index.php?rest_route=\/wp\/v2\/users\/2"}],"replies":[{"embeddable":true,"href":"https:\/\/www.substanz-os.de\/index.php?rest_route=%2Fwp%2Fv2%2Fcomments&post=220"}],"version-history":[{"count":2,"href":"https:\/\/www.substanz-os.de\/index.php?rest_route=\/wp\/v2\/posts\/220\/revisions"}],"predecessor-version":[{"id":361,"href":"https:\/\/www.substanz-os.de\/index.php?rest_route=\/wp\/v2\/posts\/220\/revisions\/361"}],"wp:attachment":[{"href":"https:\/\/www.substanz-os.de\/index.php?rest_route=%2Fwp%2Fv2%2Fmedia&parent=220"}],"wp:term":[{"taxonomy":"category","embeddable":true,"href":"https:\/\/www.substanz-os.de\/index.php?rest_route=%2Fwp%2Fv2%2Fcategories&post=220"},{"taxonomy":"post_tag","embeddable":true,"href":"https:\/\/www.substanz-os.de\/index.php?rest_route=%2Fwp%2Fv2%2Ftags&post=220"}],"curies":[{"name":"wp","href":"https:\/\/api.w.org\/{rel}","templated":true}]}}