{"id":2077,"date":"2024-02-22T14:00:32","date_gmt":"2024-02-22T13:00:32","guid":{"rendered":"https:\/\/www.substanz-os.de\/?p=2077"},"modified":"2024-07-07T22:32:51","modified_gmt":"2024-07-07T20:32:51","slug":"substanz-soli-erklaerung","status":"publish","type":"post","link":"https:\/\/www.substanz-os.de\/?p=2077","title":{"rendered":"SubstAnZ Soli-Erkl\u00e4rung"},"content":{"rendered":"\n<p><strong>Wir solidarisieren uns mit dem selbstverwalteten Zentrum SubstAnZ in Osnabr\u00fcck.<\/strong><\/p>\n\n\n\n<p>Es ist ein Skandal, dass ein seit vielen Jahren fest zum Stadtbild geh\u00f6render politischer und kultureller Freiraum verdr\u00e4ngt werden soll, um Raum f\u00fcr kommerzielle (Kultur-)Betriebe zu schaffen. So werden Menschen, die nicht zahlungskr\u00e4ftig oder anders marginalisiert sind, immer weiter aus dem \u00f6ffentlichen Raum ausgeschlossen.<\/p>\n\n\n\n<p><strong>Wir sagen: Osnabr\u00fcck braucht SubstAnZ!<\/strong><\/p>\n\n\n\n<p>Eine offene Stadtgesellschaft braucht politische und kulturelle Freir\u00e4ume, an denen \u00f6ffentliches Leben abseits von Konsumzwang und Bevormundung stattfindet, an denen politisches Engagement jenseits von Parteien und Verb\u00e4nden m\u00f6glich ist, an denen Aussehen und Geldbeutel keine Rolle spielen.<\/p>\n\n\n\n<p>Daher wenden wir uns gegen die Verdr\u00e4ngung des SubstAnZ und fordern die Stadt Osnabr\u00fcck dazu auf, ihrer Verantwortung gerecht zu werden und den Erhalt des selbstverwalteten Zentrums zu erm\u00f6glichen und zu f\u00f6rdern.<\/p>\n\n\n\n<p><strong>Das SubstAnZ muss bleiben! F\u00fcr mehr Freir\u00e4ume an allen Orten!<\/strong><\/p>\n\n\n\n<!--more-->\n\n\n\n<div class=\"wp-block-columns is-layout-flex wp-container-4\">\n<div class=\"wp-block-column is-layout-flow\" style=\"flex-basis:100%\">\n<div class=\"wp-block-columns has-background is-layout-flex wp-container-2\" style=\"background-color:#abb7c247\">\n<div class=\"wp-block-column is-layout-flow\" style=\"flex-basis:100%\">\n<p>Ihr m\u00f6chtest mit eurer Gruppe, eurem Verein, eurer Band oder auch als Einzelperson auf unserer Unterst\u00fctzer*innenliste stehen? Dann schickt uns eine E-Mail an <a rel=\"noreferrer noopener\" href=\"mailto:soli@substanz-os.de\" target=\"_blank\">soli@substanz-os.de<\/a> oder kontaktiert uns auf Social Media. <\/p>\n\n\n\n<p><strong>Das SubstAnZ erhalten wir nur zusammen!<\/strong><\/p>\n<\/div>\n<\/div>\n<\/div>\n<\/div>\n\n\n\n<p>Sharepics f\u00fcr socialmedia<\/p>\n\n\n\n<figure class=\"wp-block-gallery has-nested-images columns-default is-cropped wp-block-gallery-5 is-layout-flex\">\n<figure class=\"wp-block-image size-large\"><a href=\"https:\/\/www.substanz-os.de\/wp-content\/uploads\/2024\/02\/Soli1.jpg\" target=\"_blank\" rel=\"noreferrer noopener\"><img decoding=\"async\" loading=\"lazy\" width=\"1024\" height=\"1024\" data-id=\"2085\"  src=\"https:\/\/www.substanz-os.de\/wp-content\/uploads\/2024\/02\/Soli1-1024x1024.jpg\" alt=\"\" class=\"wp-image-2085\" srcset=\"https:\/\/www.substanz-os.de\/wp-content\/uploads\/2024\/02\/Soli1-1024x1024.jpg 1024w, https:\/\/www.substanz-os.de\/wp-content\/uploads\/2024\/02\/Soli1-300x300.jpg 300w, https:\/\/www.substanz-os.de\/wp-content\/uploads\/2024\/02\/Soli1-150x150.jpg 150w, https:\/\/www.substanz-os.de\/wp-content\/uploads\/2024\/02\/Soli1-768x768.jpg 768w, https:\/\/www.substanz-os.de\/wp-content\/uploads\/2024\/02\/Soli1-100x100.jpg 100w, https:\/\/www.substanz-os.de\/wp-content\/uploads\/2024\/02\/Soli1.jpg 1080w\" sizes=\"(max-width: 767px) 89vw, (max-width: 1000px) 54vw, (max-width: 1071px) 543px, 580px\" \/><\/a><\/figure>\n\n\n\n<figure class=\"wp-block-image size-large\"><a href=\"https:\/\/www.substanz-os.de\/wp-content\/uploads\/2024\/02\/Soli2.jpg\" target=\"_blank\" rel=\"noreferrer noopener\"><img decoding=\"async\" loading=\"lazy\" width=\"1024\" height=\"1024\" data-id=\"2083\"  src=\"https:\/\/www.substanz-os.de\/wp-content\/uploads\/2024\/02\/Soli2-1024x1024.jpg\" alt=\"\" class=\"wp-image-2083\" srcset=\"https:\/\/www.substanz-os.de\/wp-content\/uploads\/2024\/02\/Soli2-1024x1024.jpg 1024w, https:\/\/www.substanz-os.de\/wp-content\/uploads\/2024\/02\/Soli2-300x300.jpg 300w, https:\/\/www.substanz-os.de\/wp-content\/uploads\/2024\/02\/Soli2-150x150.jpg 150w, https:\/\/www.substanz-os.de\/wp-content\/uploads\/2024\/02\/Soli2-768x768.jpg 768w, https:\/\/www.substanz-os.de\/wp-content\/uploads\/2024\/02\/Soli2-100x100.jpg 100w, https:\/\/www.substanz-os.de\/wp-content\/uploads\/2024\/02\/Soli2.jpg 1080w\" sizes=\"(max-width: 767px) 89vw, (max-width: 1000px) 54vw, (max-width: 1071px) 543px, 580px\" \/><\/a><\/figure>\n\n\n\n<figure class=\"wp-block-image size-large\"><a href=\"https:\/\/www.substanz-os.de\/wp-content\/uploads\/2024\/02\/Soli3.png\" target=\"_blank\" rel=\"noreferrer noopener\"><img decoding=\"async\" loading=\"lazy\" width=\"1024\" height=\"1024\" data-id=\"2084\"  src=\"https:\/\/www.substanz-os.de\/wp-content\/uploads\/2024\/02\/Soli3-1024x1024.png\" alt=\"\" class=\"wp-image-2084\" srcset=\"https:\/\/www.substanz-os.de\/wp-content\/uploads\/2024\/02\/Soli3-1024x1024.png 1024w, https:\/\/www.substanz-os.de\/wp-content\/uploads\/2024\/02\/Soli3-300x300.png 300w, https:\/\/www.substanz-os.de\/wp-content\/uploads\/2024\/02\/Soli3-150x150.png 150w, https:\/\/www.substanz-os.de\/wp-content\/uploads\/2024\/02\/Soli3-768x768.png 768w, https:\/\/www.substanz-os.de\/wp-content\/uploads\/2024\/02\/Soli3-100x100.png 100w, https:\/\/www.substanz-os.de\/wp-content\/uploads\/2024\/02\/Soli3.png 1080w\" sizes=\"(max-width: 767px) 89vw, (max-width: 1000px) 54vw, (max-width: 1071px) 543px, 580px\" \/><\/a><\/figure>\n<\/figure>\n\n\n\n<h2 class=\"wp-block-heading\">Unterst\u00fctzer*innen:<\/h2>\n\n\n\n<p>(Liste wird laufend erweitert)<\/p>\n\n\n\n<p>100 Blumen | 1323 | 45music Osnabr\u00fcck | Abrupt | Andy Strau\u00df | AJZ Bielefeld | AK Asyl G\u00f6ttingen | AkediA | Alarmsignal | alter egon! | Alteri | Antik\u00f6rper-Export | AStA der Universit\u00e4t Osanabr\u00fcck | Attac Osnabr\u00fcck | Atom Atom | ausgeCO2hlt | Autonomes Frauenhaus Osnabr\u00fcck | AZ Wuppertal | Bachratten | Bambule35 Osnabr\u00fcck | Basisgruppe Antifa Bremen | Bastian S. | BDP Infoladen Paderborn | Bittter | Black Cat Tapes | Bloody Maries Osnabr\u00fcck | Blutgruppe Korn | Bomb-All Records | Braindead | Briefbombe | Buchhandlung zur Heide | Buntes Haus Celle | Burger Weekends | C4Service | Caf\u00e9 Mano Negra Osnabr\u00fcck | Campuskater \u2013 Studierendenzeitung Osnabr\u00fcck | Cataphiles | Chaostreff Osnabr\u00fcck e.V. | Cirque de la Merde | Clean Torture | Demo Sanis Bremen | Die Cigaretten | Die Linke Osnabr\u00fcck | Disconfect | Disco\/Oslo | Dismalfucker | DKP Osnabr\u00fcck | Down Your Alley Kollektiv | Doxa | Duesenj\u00e4ger | E-Aldi | einmannjan | Eremit | Extinction Rebellion Osnabr\u00fcck | Fahrradinitiative Kettenreaktion OS | FC Concordia Osnabr\u00fcck e.V. | Feministisches Streikb\u00fcndnis Osnabr\u00fcck | Fiddelaltermolk | FOKUS e.V. | Fresse | Fridays for Future Osnabr\u00fcck | F*cking Angry | Fundament Schallplatten | Furzh\u00f6lle KSK | Gansmanagement M\u00fcnster | Gedenkinitiative Peter Hamel | Grenzwert | Gr\u00fcne Jugend Osnabr\u00fcck | Gunnar Melchers | Gurx Turmoil Konzertkollektiv Innsbruck | Halb aus Plastik | Hatehug | HC Baxxter | Hete | Idle Hands | Inferno Personale | Infoladen Anschlag Bielefeld | Infoladen Bremen | Interventionistische Linke Hannover | Jaikoru | J\u00fcrgen Dietrich aka HansFelix | J\u00fcrgen Rump | Jusos Osnabr\u00fcck | JuZi G\u00f6ttingen | K27 Genossenschaft f\u00fcr solidarische Lebensr\u00e4ume | K.A.F.F. Osnabr\u00fcck | Kapot | Katja Grube | Kem Trail | KGB Shows Ravensburg | Klaue Braunschweig | Kleine Strolche Linke Hochschulgruppe Osnabr\u00fcck | Klima*Kollektiv e.V. | Kommando Rostkehlchen | Kommando Zurueck | Kurdischer Verein Osnabr\u00fcck | Lesekreis Kritische M\u00e4nnlichkeiten | Libert\u00e4re Kommunist*innen Osnabr\u00fcck LIKOS | Linkes Zentrum Freiburg | Linksjugend Osnabr\u00fcck | Litbarski | Loser Youth | Luhrmannhof e.V. | Maja W. | Mahoney | Mitmachampagne &#8222;Den Rechten die R\u00e4ume nehmen&#8220; Osnabr\u00fcck | MHS-Projekt Elsternest in Bissendorf-Jeggen | Maria Braig | marode | Martina Scholz, Lagerhalle e.V. Osnabr\u00fcck | Memento YOLO | Mittel zum Zweck | Mondo Bizarro | Moribund Scum | MT Bags | Musikb\u00fcro Osnabr\u00fcck e.V. | Muskelprotz | Nagev | Naomi Sample and the Go Go Ghosts | Neon Bone | Neon Neon | Nervous Assistant | No Lager Osnabr\u00fcck | no pop: magazin f\u00fcr Grenzmusik Osnabr\u00fcck | No Shelter | Offenes Antifacafe Osnabr\u00fcck | Omas gegen Rechts Osnabr\u00fcck | Omas gegen Rechts Koblenz und Umgebung | Or\u00e4ng\u00e4tt\u00e4ng | Pauli Punker Records | Pien Kabache M\u00fcnster | Pisscharge | Plastic Bomb Fanzine | Plautzenotto | Ponyhof Konzerte | Possible Damage | Queer Refugees and Friends Osnabr\u00fcck | Querlenker Bauwagenplatz Bremen | Raccoone Records | Razor Smilez | Refuse Festival Peine | RilRec Label | rivolta \u2013 offene antifaschistische gruppe bremen | Rockinitiative Emsdetten e.V. | Rote Hilfe Osnabr\u00fcck | Saint Nudes | Santa Diabla DIY Records | Sauerktrautfabrik Hamburg Harburg | Schm\u00e4rzen | Schublade Punk | Seebr\u00fccke Osnabr\u00fcck | Second Bandshirt e.V. | Sense | Serum Kollektiv | Short | SJD Die Falken Osnabr\u00fcck | Sofie Demuth | Solidarischer Aufbau Osnabr\u00fcck | SoKo Mettigel | Surfin Birds Records | Tierrechtsinitiative Osnabr\u00fcck | Tizian Gabriel Radczewill alias ScherbenKlang | The Dead End Kids | Theater am Limit Innsbruck | Totschwarz | Tr\u00fcmmerratten | Tutti Frutti Igitt Records | UJZ Peine | Unwucht | Vegankollektiv roots of compassion | Villa B\u00fcnde | FLINTA*-Punx HB | VVN Osnabr\u00fcck | Wagenburg Lingen | Wagenburg Osnabr\u00fcck WabOS | Wagenplatz Hosza Braunschweig | Weirdly Wired Soundsystem | Zeitstrafe<\/p>\n","protected":false},"excerpt":{"rendered":"<p>Wir solidarisieren uns mit dem selbstverwalteten Zentrum SubstAnZ in Osnabr\u00fcck. Es ist ein Skandal, dass ein seit vielen Jahren fest zum Stadtbild geh\u00f6render politischer und kultureller Freiraum verdr\u00e4ngt werden soll, um Raum f\u00fcr kommerzielle (Kultur-)Betriebe zu schaffen. So werden Menschen, die nicht zahlungskr\u00e4ftig oder anders marginalisiert sind, immer weiter aus dem \u00f6ffentlichen Raum ausgeschlossen. Wir &hellip; <\/p>\n<p class=\"link-more\"><a href=\"https:\/\/www.substanz-os.de\/?p=2077\" class=\"more-link\"><span class=\"screen-reader-text\">\u201eSubstAnZ Soli-Erkl\u00e4rung\u201c<\/span> weiterlesen<\/a><\/p>\n","protected":false},"author":2,"featured_media":2044,"comment_status":"closed","ping_status":"closed","sticky":false,"template":"","format":"standard","meta":[],"categories":[379],"tags":[377],"post_mailing_queue_ids":[],"_links":{"self":[{"href":"https:\/\/www.substanz-os.de\/index.php?rest_route=\/wp\/v2\/posts\/2077"}],"collection":[{"href":"https:\/\/www.substanz-os.de\/index.php?rest_route=\/wp\/v2\/posts"}],"about":[{"href":"https:\/\/www.substanz-os.de\/index.php?rest_route=\/wp\/v2\/types\/post"}],"author":[{"embeddable":true,"href":"https:\/\/www.substanz-os.de\/index.php?rest_route=\/wp\/v2\/users\/2"}],"replies":[{"embeddable":true,"href":"https:\/\/www.substanz-os.de\/index.php?rest_route=%2Fwp%2Fv2%2Fcomments&post=2077"}],"version-history":[{"count":110,"href":"https:\/\/www.substanz-os.de\/index.php?rest_route=\/wp\/v2\/posts\/2077\/revisions"}],"predecessor-version":[{"id":2341,"href":"https:\/\/www.substanz-os.de\/index.php?rest_route=\/wp\/v2\/posts\/2077\/revisions\/2341"}],"wp:featuredmedia":[{"embeddable":true,"href":"https:\/\/www.substanz-os.de\/index.php?rest_route=\/wp\/v2\/media\/2044"}],"wp:attachment":[{"href":"https:\/\/www.substanz-os.de\/index.php?rest_route=%2Fwp%2Fv2%2Fmedia&parent=2077"}],"wp:term":[{"taxonomy":"category","embeddable":true,"href":"https:\/\/www.substanz-os.de\/index.php?rest_route=%2Fwp%2Fv2%2Fcategories&post=2077"},{"taxonomy":"post_tag","embeddable":true,"href":"https:\/\/www.substanz-os.de\/index.php?rest_route=%2Fwp%2Fv2%2Ftags&post=2077"}],"curies":[{"name":"wp","href":"https:\/\/api.w.org\/{rel}","templated":true}]}}