{"id":1588,"date":"2023-03-23T09:17:25","date_gmt":"2023-03-23T08:17:25","guid":{"rendered":"https:\/\/www.substanz-os.de\/?p=1588"},"modified":"2023-03-23T09:17:50","modified_gmt":"2023-03-23T08:17:50","slug":"info-und-mobiveranstaltung-7-antifaschistische-landpartie-in-dorfmark","status":"publish","type":"post","link":"https:\/\/www.substanz-os.de\/?p=1588","title":{"rendered":"Info- und Mobiveranstaltung &#8222;7. Antifaschistische Landpartie in Dorfmark&#8220;"},"content":{"rendered":"\n<p><strong>Informationsveranstaltung &amp; Mobivortrag<\/strong><br>3.4.2023 19 Uhr im SubstAnZ<\/p>\n\n\n\n<p>Seit mehr als 40 Jahren trafen sich die Ludendorffer (\u201eBund f\u00fcr&nbsp; Gotterkenntnis\u201c), eine v\u00f6lkische, rassistische und antisemitische Weltanschauungsgemeinschaft, deren ideologische Grundlage die Schriften von Mathilde Ludendorff, Ehefrau des Hitler-Putsch-Gef\u00e4hrten Erich Ludendorff, bilden, zu ihrer \u201eOstertagung\u201c in Dorfmark im Heidekreis. Durch unseren antifaschistischen Protest konnten sie sich nicht mehr beliebig im Dorf bewegen und verschiedene Gastst\u00e4tten waren nicht mehr bereit, Ludendorffer zu beherbergen. In der Folge kamen immer weniger Ludendorffer nach Dorfmark. Letztes Jahr kamen sie erstmals gar nicht, obwohl die Coronaregeln es zugelassen h\u00e4tten. Ob unsere antifaschistische Intervention sie endg\u00fcltig vertrieben hat oder es sich um Taktik handelt oder eine Coronasicherheitsma\u00dfnahme ihrerseits und sie dieses Jahr wiederkommen, ist unklar. Um den Ludendorffern keinen Raum zu lassen, sind wir auch dieses Jahr wieder mit der antifaschistischen Osterdemo auf der Stra\u00dfe!<\/p>\n\n\n\n<p>Au\u00dferdem findet die Demo statt,\u2026<br>\u2026weil auch Ludendorffer in Dorfmark und der direkten Umgebung des Dorfes wohnen.<br>\u2026um \u00f6ffentlich zu machen, dass die Treffen der Ludendorffer wichtige Vernetzungstreffen zwischen verschiedenen Str\u00f6mungen der extremen Rechten sind. So besuchten allein die Veranstaltung in Dorfmark in den letzten Jahren Neonazis wie Ursula Haverbeck, Wolfram Schiedewitz, Steffen Hupka und Nikolai Nerling, aber auch Mitglieder der \u201eNPD\u201c, der \u201eArtgemeinschaft\u201c und der \u201eReichsb\u00fcrger\u201c. Au\u00dferdem bestehen Verbindungen zwischen den Ludendorffern und der \u201eIdentit\u00e4ren Bewegung\u201c sowie dem \u201eSturmvogel\u201c.<br>\u2026weil auch andere Neonazis in Dorfmark wohnen, die wir mit der Demo aus der Deckung holen, wie beispielsweise 2017 als etwa 25 vermummte und teilweise bewaffnete Neonazis an einem Haus versammelt waren, Pyrotechnik z\u00fcndeten und Journalisten bedr\u00e4ngten.<br>\u2026um zu zeigen, dass die Heide f\u00fcr Nazis kein ruhiges Hinterland ist!<\/p>\n\n\n\n<p>F\u00fcr eine antifaschistische Landpartie! Es gibt kein ruhiges Hinterland!<br>Ostersonntag \u2013\u00a09.\u00a0April 2023 \u2013\u00a013:12<br>Dorfmark \u2013 Am Bahnhof in der Poststra\u00dfe<\/p>\n","protected":false},"excerpt":{"rendered":"<p>Informationsveranstaltung &amp; Mobivortrag3.4.2023 19 Uhr im SubstAnZ Seit mehr als 40 Jahren trafen sich die Ludendorffer (\u201eBund f\u00fcr&nbsp; Gotterkenntnis\u201c), eine v\u00f6lkische, rassistische und antisemitische Weltanschauungsgemeinschaft, deren ideologische Grundlage die Schriften von Mathilde Ludendorff, Ehefrau des Hitler-Putsch-Gef\u00e4hrten Erich Ludendorff, bilden, zu ihrer \u201eOstertagung\u201c in Dorfmark im Heidekreis. Durch unseren antifaschistischen Protest konnten sie sich nicht mehr &hellip; <\/p>\n<p class=\"link-more\"><a href=\"https:\/\/www.substanz-os.de\/?p=1588\" class=\"more-link\"><span class=\"screen-reader-text\">\u201eInfo- und Mobiveranstaltung &#8222;7. Antifaschistische Landpartie in Dorfmark&#8220;\u201c<\/span> weiterlesen<\/a><\/p>\n","protected":false},"author":3,"featured_media":1586,"comment_status":"closed","ping_status":"closed","sticky":false,"template":"","format":"standard","meta":[],"categories":[209,295],"tags":[299,300,93],"post_mailing_queue_ids":[],"_links":{"self":[{"href":"https:\/\/www.substanz-os.de\/index.php?rest_route=\/wp\/v2\/posts\/1588"}],"collection":[{"href":"https:\/\/www.substanz-os.de\/index.php?rest_route=\/wp\/v2\/posts"}],"about":[{"href":"https:\/\/www.substanz-os.de\/index.php?rest_route=\/wp\/v2\/types\/post"}],"author":[{"embeddable":true,"href":"https:\/\/www.substanz-os.de\/index.php?rest_route=\/wp\/v2\/users\/3"}],"replies":[{"embeddable":true,"href":"https:\/\/www.substanz-os.de\/index.php?rest_route=%2Fwp%2Fv2%2Fcomments&post=1588"}],"version-history":[{"count":1,"href":"https:\/\/www.substanz-os.de\/index.php?rest_route=\/wp\/v2\/posts\/1588\/revisions"}],"predecessor-version":[{"id":1589,"href":"https:\/\/www.substanz-os.de\/index.php?rest_route=\/wp\/v2\/posts\/1588\/revisions\/1589"}],"wp:featuredmedia":[{"embeddable":true,"href":"https:\/\/www.substanz-os.de\/index.php?rest_route=\/wp\/v2\/media\/1586"}],"wp:attachment":[{"href":"https:\/\/www.substanz-os.de\/index.php?rest_route=%2Fwp%2Fv2%2Fmedia&parent=1588"}],"wp:term":[{"taxonomy":"category","embeddable":true,"href":"https:\/\/www.substanz-os.de\/index.php?rest_route=%2Fwp%2Fv2%2Fcategories&post=1588"},{"taxonomy":"post_tag","embeddable":true,"href":"https:\/\/www.substanz-os.de\/index.php?rest_route=%2Fwp%2Fv2%2Ftags&post=1588"}],"curies":[{"name":"wp","href":"https:\/\/api.w.org\/{rel}","templated":true}]}}