{"id":1582,"date":"2023-03-23T09:10:32","date_gmt":"2023-03-23T08:10:32","guid":{"rendered":"https:\/\/www.substanz-os.de\/?p=1582"},"modified":"2023-03-23T09:10:32","modified_gmt":"2023-03-23T08:10:32","slug":"antifa-cafe-mit-vortrag-rechte-verlage-in-deutschland-ein-ueberblick","status":"publish","type":"post","link":"https:\/\/www.substanz-os.de\/?p=1582","title":{"rendered":"Antifa-Cafe mit Vortrag: Rechte Verlage in Deutschland. Ein \u00dcberblick."},"content":{"rendered":"\n<p><strong>4. April 2023 | 19 Uhr: Antifa-Cafe mit Vortrag<\/strong><br><strong>Rechte Verlage in Deutschland. Ein \u00dcberblick.<\/strong><\/p>\n\n\n\n<p>Rechte Verlage und ihre Publikationen sind nicht erst seit AfD, Pegida &amp; Co auf dem Weg, sich in die Mehrheitsgesellschaft zu dr\u00e4ngen. Auch aus Osnabr\u00fcck?<br>Nach dem 2. Weltkrieg sollte durch die Erteilung von Verlagslizenzen verhindert werden, dass erneut NS-Literatur auf den deutschen Markt gelangt. In der Bundesrepublik wurde dieses Kontrollinstrument aber bereits nach kurzer Zeit mit dem Inkrafttreten des Grundgesetzes wirkungslos. Es dauerte nicht lange, bis die ersten rechten Verlage ihre Arbeit begannen \u2013 damals noch ohne gro\u00dfe Au\u00dfenwirkung, aber bedeutend f\u00fcr die Arbeit innerhalb rechter Strukturen.<br>Nach der Wende weitete sich diese Arbeit aus und sp\u00e4testens seit dem allgemein sichtbaren gesellschaftlichen Rechtsruck durch AfD und Pegida wirken Verlage mit ihren Publikationen und Netzwerken immer weiter in die Mehrheitsgesellschaft hinein.<br>Es werden alte und neue Protagonist:innen der rechten Verlagslandschaft vorgestellt, sowie Positionen und Strukturen der derzeit wichtigsten Verlage<\/p>\n\n\n\n<p>Der Eintritt ist frei<\/p>\n","protected":false},"excerpt":{"rendered":"<p>4. April 2023 | 19 Uhr: Antifa-Cafe mit VortragRechte Verlage in Deutschland. Ein \u00dcberblick. Rechte Verlage und ihre Publikationen sind nicht erst seit AfD, Pegida &amp; Co auf dem Weg, sich in die Mehrheitsgesellschaft zu dr\u00e4ngen. Auch aus Osnabr\u00fcck?Nach dem 2. Weltkrieg sollte durch die Erteilung von Verlagslizenzen verhindert werden, dass erneut NS-Literatur auf den &hellip; <\/p>\n<p class=\"link-more\"><a href=\"https:\/\/www.substanz-os.de\/?p=1582\" class=\"more-link\"><span class=\"screen-reader-text\">\u201eAntifa-Cafe mit Vortrag: Rechte Verlage in Deutschland. Ein \u00dcberblick.\u201c<\/span> weiterlesen<\/a><\/p>\n","protected":false},"author":3,"featured_media":1584,"comment_status":"closed","ping_status":"closed","sticky":false,"template":"","format":"standard","meta":[],"categories":[295],"tags":[243,244,297,93,282],"post_mailing_queue_ids":[],"_links":{"self":[{"href":"https:\/\/www.substanz-os.de\/index.php?rest_route=\/wp\/v2\/posts\/1582"}],"collection":[{"href":"https:\/\/www.substanz-os.de\/index.php?rest_route=\/wp\/v2\/posts"}],"about":[{"href":"https:\/\/www.substanz-os.de\/index.php?rest_route=\/wp\/v2\/types\/post"}],"author":[{"embeddable":true,"href":"https:\/\/www.substanz-os.de\/index.php?rest_route=\/wp\/v2\/users\/3"}],"replies":[{"embeddable":true,"href":"https:\/\/www.substanz-os.de\/index.php?rest_route=%2Fwp%2Fv2%2Fcomments&post=1582"}],"version-history":[{"count":1,"href":"https:\/\/www.substanz-os.de\/index.php?rest_route=\/wp\/v2\/posts\/1582\/revisions"}],"predecessor-version":[{"id":1583,"href":"https:\/\/www.substanz-os.de\/index.php?rest_route=\/wp\/v2\/posts\/1582\/revisions\/1583"}],"wp:featuredmedia":[{"embeddable":true,"href":"https:\/\/www.substanz-os.de\/index.php?rest_route=\/wp\/v2\/media\/1584"}],"wp:attachment":[{"href":"https:\/\/www.substanz-os.de\/index.php?rest_route=%2Fwp%2Fv2%2Fmedia&parent=1582"}],"wp:term":[{"taxonomy":"category","embeddable":true,"href":"https:\/\/www.substanz-os.de\/index.php?rest_route=%2Fwp%2Fv2%2Fcategories&post=1582"},{"taxonomy":"post_tag","embeddable":true,"href":"https:\/\/www.substanz-os.de\/index.php?rest_route=%2Fwp%2Fv2%2Ftags&post=1582"}],"curies":[{"name":"wp","href":"https:\/\/api.w.org\/{rel}","templated":true}]}}