{"id":1257,"date":"2022-07-21T17:54:49","date_gmt":"2022-07-21T15:54:49","guid":{"rendered":"https:\/\/www.substanz-os.de\/?p=1257"},"modified":"2022-07-21T17:54:49","modified_gmt":"2022-07-21T15:54:49","slug":"waldi45-bleibt-waldbesetzung-nahe-osnabrueck-gegen-den-ausbau-der-a33-nord","status":"publish","type":"post","link":"https:\/\/www.substanz-os.de\/?p=1257","title":{"rendered":"Waldi45 bleibt! Waldbesetzung nahe Osnabr\u00fcck gegen den Ausbau der A33 Nord"},"content":{"rendered":"\n<p>Seit kurzem gibt es in der N\u00e4he von Osnabr\u00fcck (Rulle) eine neue Waldbesetzung. Diese richtet sich gegen die Zerst\u00f6rung des dortigen Waldes aufgrund des Ausbaus der A33 Nord und dem Bau eines Autobahnkreuzes. <\/p>\n\n\n\n<p>Die Besetzer:innen schreiben auf ihrer <a href=\"https:\/\/waldi45.blackblogs.org\/\" target=\"_blank\" rel=\"noreferrer noopener\">Homepage<\/a>:<br>&#8222;Seit dem 05.07.22 ist ein Waldst\u00fcck nahe Osnabr\u00fcck besetzt. Durch den feuchten Mischwald, in dem unter anderem bedrohte Tierarten wie Flederm\u00e4use leben und der Teil eines Wasserschutzgebietes ist, sollen mehrere Kilometer Autobahn sowie ein Autobahnkreuz gebaut werden.<\/p>\n\n\n\n<p>Der Bau der A33Nord w\u00fcrde den ohnehin schon sehr zerschnittenen Wald unwiderruflich zerst\u00f6ren und Menschen in den umliegenden D\u00f6rfern m\u00fcssten massiv an Lebensqualit\u00e4t einb\u00fc\u00dfen.<\/p>\n\n\n\n<p>Wir stellen uns gegen diese und jede weitere Umweltzerst\u00f6rung in Zeiten der Klimakrise. Als Besetzung k\u00e4mpfen wir f\u00fcr eine klimagerechte, antirassistische, antisexistische und hierarchiefreie Zukunft!&#8220;<\/p>\n\n\n\n<p>Au\u00dferdem kann k\u00f6nnen die Waldbesetzer:innen auf verschiedene Weise unterst\u00fctzt werden, vor allem aber mit Geld- und Sachspenden oder durch solidarische Besuche.<br>Wir ver\u00f6ffentlichen hier die aktuelle Materialliste (Stand 21.07.), alle weiteren Infos zu B\u00fcgerdialogen, Anfahrt und weiterem findet ihr ebenfalls auf der Homepage <a href=\"https:\/\/waldi45.blackblogs.org\/\" target=\"_blank\" rel=\"noreferrer noopener\">https:\/\/waldi45.blackblogs.org\/<\/a>.<\/p>\n\n\n\n<p>Folgendes wird aktuell vor Ort gebraucht: <\/p>\n\n\n\n<ul><li>Wohnwagen\/Bauwagen<\/li><li>Bauholz (Nut&amp;Feder, Euro Palletten, Kanth\u00f6lzer)<\/li><li>Fenster<\/li><li>Klettermaterial (bevor ihr solches kauft ruft bitte an um zu fragen was genau ben\u00f6tigt wird)<\/li><li>N\u00e4gel<\/li><li>Winkel<\/li><li>Planen<\/li><li>Dosenfutter\/ lang haltbares veganes Essen<\/li><li>Wasserflaschen (gekauft damit es l\u00e4ngere zeit rumstehen kann ohne Algig zu werden)<\/li><li>Werkzeuge (insb. Spitzhacke und Spaten)<\/li><li>Handdesinfektionsmittel , Wunddesinfektionsmittel<\/li><li>erste Hilfe Kasten,<\/li><li>Material zum Isolieren (z.B. abgepackte Steinwolle, nichts was schimmelt, KEIN STROH)<\/li><li>Boxsack<\/li><\/ul>\n","protected":false},"excerpt":{"rendered":"<p>Seit kurzem gibt es in der N\u00e4he von Osnabr\u00fcck (Rulle) eine neue Waldbesetzung. Diese richtet sich gegen die Zerst\u00f6rung des dortigen Waldes aufgrund des Ausbaus der A33 Nord und dem Bau eines Autobahnkreuzes. Die Besetzer:innen schreiben auf ihrer Homepage:&#8222;Seit dem 05.07.22 ist ein Waldst\u00fcck nahe Osnabr\u00fcck besetzt. Durch den feuchten Mischwald, in dem unter anderem &hellip; <\/p>\n<p class=\"link-more\"><a href=\"https:\/\/www.substanz-os.de\/?p=1257\" class=\"more-link\"><span class=\"screen-reader-text\">\u201eWaldi45 bleibt! Waldbesetzung nahe Osnabr\u00fcck gegen den Ausbau der A33 Nord\u201c<\/span> weiterlesen<\/a><\/p>\n","protected":false},"author":2,"featured_media":0,"comment_status":"closed","ping_status":"closed","sticky":false,"template":"","format":"standard","meta":[],"categories":[1],"tags":[93,256,257],"post_mailing_queue_ids":[],"_links":{"self":[{"href":"https:\/\/www.substanz-os.de\/index.php?rest_route=\/wp\/v2\/posts\/1257"}],"collection":[{"href":"https:\/\/www.substanz-os.de\/index.php?rest_route=\/wp\/v2\/posts"}],"about":[{"href":"https:\/\/www.substanz-os.de\/index.php?rest_route=\/wp\/v2\/types\/post"}],"author":[{"embeddable":true,"href":"https:\/\/www.substanz-os.de\/index.php?rest_route=\/wp\/v2\/users\/2"}],"replies":[{"embeddable":true,"href":"https:\/\/www.substanz-os.de\/index.php?rest_route=%2Fwp%2Fv2%2Fcomments&post=1257"}],"version-history":[{"count":1,"href":"https:\/\/www.substanz-os.de\/index.php?rest_route=\/wp\/v2\/posts\/1257\/revisions"}],"predecessor-version":[{"id":1258,"href":"https:\/\/www.substanz-os.de\/index.php?rest_route=\/wp\/v2\/posts\/1257\/revisions\/1258"}],"wp:attachment":[{"href":"https:\/\/www.substanz-os.de\/index.php?rest_route=%2Fwp%2Fv2%2Fmedia&parent=1257"}],"wp:term":[{"taxonomy":"category","embeddable":true,"href":"https:\/\/www.substanz-os.de\/index.php?rest_route=%2Fwp%2Fv2%2Fcategories&post=1257"},{"taxonomy":"post_tag","embeddable":true,"href":"https:\/\/www.substanz-os.de\/index.php?rest_route=%2Fwp%2Fv2%2Ftags&post=1257"}],"curies":[{"name":"wp","href":"https:\/\/api.w.org\/{rel}","templated":true}]}}