{"id":1045,"date":"2021-07-08T16:39:00","date_gmt":"2021-07-08T14:39:00","guid":{"rendered":"http:\/\/www.substanz-os.de\/?p=1045"},"modified":"2021-07-09T10:02:00","modified_gmt":"2021-07-09T08:02:00","slug":"es-geht-wieder-los","status":"publish","type":"post","link":"https:\/\/www.substanz-os.de\/?p=1045","title":{"rendered":"Es geht wieder los&#8230;"},"content":{"rendered":"\n<p>Wir sind unbeschreiblich gl\u00fccklich dar\u00fcber, dass wir die Scheisszeit bis jetzt relativ gut \u00fcberstanden haben und wagen ein paar \u00d6ffnungsschritte. <\/p>\n\n\n\n<p>In den letzten Wochen wurden umfangreiche Hygienekonzepte f\u00fcr unterschiedliche Veranstaltungsarten erstellt, intern getestet und nun umgesetzt. <br>Sicherlich nehmt Ihr dabei zur Kenntnis, dass diese teilweise umfangreicher ausfallen als dieses gesetzlich vorgeschrieben ist und wie wir sie in anderen Locations  beobachten und erleben. Wir wissen, dass dieses manchmal etwas schwer zu vermitteln ist und m\u00f6chten dazu ein paar Zeilen los werden. <\/p>\n\n\n\n<p>Das SubstAnZ ist ein Raum gelebter Solidarit\u00e4t. Wir nehmen die Pandemie ernst und wir  wissen, dass sie in erster Linie Menschen besonders schwer trifft, die es eh nicht leicht haben. Das betrifft auch den Zugang zu Impfstoffen.  Wir werden erst zur Normalit\u00e4t zur\u00fcckkehren wenn auch unsere Besucher*innen und Nutzer*innen ausreichend die M\u00f6glichkeit hatten sich impfen zu lassen. Wir m\u00f6chten, dass sich alle Menschen bei uns gleich wohl und vor allem sicher f\u00fchlen und so gelten bei uns andere Ma\u00dfst\u00e4be als vor unserer T\u00fcr. Das war schon immer so und so ist es gerade im Moment besonders.  Wir wissen, dass Ihr genau das an unserem Haus sch\u00e4tzt und gehen gleichzeitig davon aus, dass Ihr unsere Entscheidungen mittragt und unterst\u00fctzt. <\/p>\n\n\n\n<p>In jeder zuk\u00fcnftigen Veranstaltung wird es Hinweise zum entsprechendem Hygienekonzept geben. Bitte nehmt diese Hinweise ernst und unterst\u00fctzt uns dabei .  Je umsichtiger wir mit der anhaltenden Pandemiesituation umgehen, desto l\u00e4nger wird es m\u00f6glich sein Veranstaltungen durchzuf\u00fchren. Wir sind auf diese angewiesen. <\/p>\n\n\n\n<p>Los geht&#8217;s bei uns damit, dass wir unsere <a href=\"http:\/\/www.substanz-os.de\/?post_type=ai1ec_event&amp;p=1044&amp;preview=true\">w\u00f6chentlichen Plena<\/a> wieder als Pr\u00e4senzveranstaltung durchf\u00fchren m\u00f6chten. Das Plenum finden bei gutem Wetter im Hof statt. <\/p>\n\n\n\n<p>Der Testlauf f\u00fcr \u00f6ffentliche Veranstaltungen beginnt am Sonntag den 18. Juli um 15 Uhr mit einer <a href=\"http:\/\/www.substanz-os.de\/?ai1ec_event=revolution-und-krieg-in-spanien-1936-1939\">Veranstaltung <\/a>zum spanischen B\u00fcrgerkrieg<\/p>\n\n\n\n<p>Au\u00dferdem k\u00f6nnt Ihr unserem Kalender entnehmen, dass wir dabei sind vorsichtig auch andere Veranstaltungsarten zu planen und wissen nat\u00fcrlich, dass diese Planungen auf d\u00fcnnem Eis stehen. Lasst uns gemeinsam hoffen. <\/p>\n\n\n\n<p>Auf bald! Live und in Farbe! <br>Euer SubstAnZ<\/p>\n","protected":false},"excerpt":{"rendered":"<p>Wir sind unbeschreiblich gl\u00fccklich dar\u00fcber, dass wir die Scheisszeit bis jetzt relativ gut \u00fcberstanden haben und wagen ein paar \u00d6ffnungsschritte. In den letzten Wochen wurden umfangreiche Hygienekonzepte f\u00fcr unterschiedliche Veranstaltungsarten erstellt, intern getestet und nun umgesetzt. Sicherlich nehmt Ihr dabei zur Kenntnis, dass diese teilweise umfangreicher ausfallen als dieses gesetzlich vorgeschrieben ist und wie wir &hellip; <\/p>\n<p class=\"link-more\"><a href=\"https:\/\/www.substanz-os.de\/?p=1045\" class=\"more-link\"><span class=\"screen-reader-text\">\u201eEs geht wieder los&#8230;\u201c<\/span> weiterlesen<\/a><\/p>\n","protected":false},"author":2,"featured_media":0,"comment_status":"closed","ping_status":"closed","sticky":false,"template":"","format":"standard","meta":[],"categories":[1,91,96,209,23,24],"tags":[],"post_mailing_queue_ids":[],"_links":{"self":[{"href":"https:\/\/www.substanz-os.de\/index.php?rest_route=\/wp\/v2\/posts\/1045"}],"collection":[{"href":"https:\/\/www.substanz-os.de\/index.php?rest_route=\/wp\/v2\/posts"}],"about":[{"href":"https:\/\/www.substanz-os.de\/index.php?rest_route=\/wp\/v2\/types\/post"}],"author":[{"embeddable":true,"href":"https:\/\/www.substanz-os.de\/index.php?rest_route=\/wp\/v2\/users\/2"}],"replies":[{"embeddable":true,"href":"https:\/\/www.substanz-os.de\/index.php?rest_route=%2Fwp%2Fv2%2Fcomments&post=1045"}],"version-history":[{"count":8,"href":"https:\/\/www.substanz-os.de\/index.php?rest_route=\/wp\/v2\/posts\/1045\/revisions"}],"predecessor-version":[{"id":1056,"href":"https:\/\/www.substanz-os.de\/index.php?rest_route=\/wp\/v2\/posts\/1045\/revisions\/1056"}],"wp:attachment":[{"href":"https:\/\/www.substanz-os.de\/index.php?rest_route=%2Fwp%2Fv2%2Fmedia&parent=1045"}],"wp:term":[{"taxonomy":"category","embeddable":true,"href":"https:\/\/www.substanz-os.de\/index.php?rest_route=%2Fwp%2Fv2%2Fcategories&post=1045"},{"taxonomy":"post_tag","embeddable":true,"href":"https:\/\/www.substanz-os.de\/index.php?rest_route=%2Fwp%2Fv2%2Ftags&post=1045"}],"curies":[{"name":"wp","href":"https:\/\/api.w.org\/{rel}","templated":true}]}}