{"id":1018,"date":"2021-03-03T21:21:06","date_gmt":"2021-03-03T20:21:06","guid":{"rendered":"http:\/\/www.substanz-os.de\/?p=1018"},"modified":"2021-03-03T21:21:06","modified_gmt":"2021-03-03T20:21:06","slug":"solierklaerung-fuer-die-wabos","status":"publish","type":"post","link":"https:\/\/www.substanz-os.de\/?p=1018","title":{"rendered":"Solierkl\u00e4rung f\u00fcr die WabOS"},"content":{"rendered":"\n<p>Etwas verwundert haltet ihr inne, legt die Zahnb\u00fcrste beiseite, reibt euch den Schlaf aus den Augen und schaut erneut aus dem kleinen Fenster \u00fcber dem Waschbecken. <em>Gelb<\/em>. Tats\u00e4chlich, was da mit Vollgas auf eure Behausung zuh\u00e4lt, mitten in Corona-Pandemie und Lockdown, ist \u2013 ein Bulldozer, am Steuer Stadtbaurat Otte. Da f\u00e4llt es schwer, nicht in Panik zu geraten.<\/p>\n\n\n\n<p>So oder so \u00e4hnlich m\u00fcssen sich gerade die Bewohner_innen des Wagenplatzes WabOS f\u00fchlen; sie sollen, nach \u00fcber zwanzig Jahren, weichen. Noch im M\u00e4rz wird, so der politische Wille, die offizielle K\u00fcndigung des Pachtvertrages durch die Stadt Osnabr\u00fcck erfolgen. Danach ist das Gel\u00e4nde wohl binnen Dreimonatsfrist zu r\u00e4umen. Deja vu? Ja \u2013 aber diesmal wird nicht f\u00fcr den Bau einer Umgehungsstra\u00dfe ger\u00e4umt, sondern zur Schaffung von Wohnraum. Klimaneutral soll dieser sein, bezahlbar, die Wohnungsnot in Osnabr\u00fcck lindern; so stellen sich das jedenfalls die politisch Verantwortlichen der Stadt Osnabr\u00fcck vor. Klingt eigentlich vern\u00fcnftig. Nur dass f\u00fcr diesen neu zu schaffenden Wohnraum bereits bestehender vernichtet werden soll; dies ist \u00fcberhaupt nur m\u00f6glich, weil es sich in den Augen der Politik wie der Gesetzgebung, um Wohnraum zweiter Klasse handelt.<\/p>\n\n\n\n<p>Man k\u00f6nnte hier die Frage stellen, wieso in unserer ach so freien Gesellschaft ein Leben, dass sich ausserhalb der Normen entfalten will, stets mit F\u00fc\u00dfen getreten wird; welche urspr\u00fcnglich antiziganistischen Ressentiments gegen fahrendes Volk sich befriedigend niederschlagen, wenn Verwaltungsangestellte frisch gebackenen TinyHouse-Besitzer_innen erkl\u00e4ren, dass Wohnen im Mobilheim schlechterdings innerhalb der Stadtgrenzen gem\u00e4\u00df Bebauungsplan gar nicht erlaubt ist, es au\u00dferhalb der Stadtgrenzen zun\u00e4chst mal aber einen Nutzungs\u00e4nderungsantrag und eine Baugenehmigung br\u00e4uchte, ein Baugenehmigungsverfahren f\u00fcr Fahrzeuge aber \u00fcberhaupt nicht vorgesehen ist. Hauptsache: alle halten sich an die Regeln!<\/p>\n\n\n\n<p>Die Wagenplatzszene kann von solchen Schikanen ganze Opern singen, \u00fcber die Drangsalierung, und das Gef\u00fchl der Unsicherheit \u2013 darf mein Wagen morgen noch hier stehen, ich weiter hier leben? Den n\u00e4chsten Akt in Osnabr\u00fcck leiten Stadtverwaltung und Politik nun mit der K\u00fcndigung des Pachtvertrags f\u00fcr das Gel\u00e4nde der WabOS ein. Dabei wurden seitens der Stadt und der Parteien alle \u00fcblichen Register gezogen: widerspr\u00fcchliche Aussagen, leere Versprechungen, z\u00e4he Verhandlungen \u00fcber Jahre, einseitige Gespr\u00e4che, halbherzige Alternativen ohne echte, verl\u00e4ssliche Perspektive. Die Schuld wird bereits jetzt der WabOS gegeben: &#8222;mit denen sei ja nicht zu reden&#8220;. Das aktuell quer durch die etablierten Parteien offenbar wenig Unterst\u00fctzung f\u00fcr die WabOS zu erwarten ist, erschreckt wie verwundert, denn anders lautende Lippenbekenntnisse gab es in den ver-gangenen Jahren genug. Wie lukrativ eine Umwidmung der Fl\u00e4chen am Westerberg in Bauland sein wird&#8230;<\/p>\n\n\n\n<p>Die Grundmotivation f\u00fcr das Projekt SubstAnZ ist der Versuch, einen Freiraum zu schaffen in der unfreien, kapitalistischen Gesellschaft. Die damit verbundene Hoffnung: solche Freir\u00e4ume k\u00f6nnen Keimzellen sein f\u00fcr Ver\u00e4nderung. Immer wieder werden sie schikaniert, bedroht und verdr\u00e4ngt. Dagegen bestehen k\u00f6nnen wir nur gemeinsam. Deswegen erkl\u00e4ren wir hiermit unsere Solidarit\u00e4t mit den Bewohner_innen des Wagenplatzes: <strong>WabOS bleibt!<\/strong><\/p>\n\n\n\n<p>Bei Solidarit\u00e4tsbekundungen soll es aber bitte nicht bleiben; praktisch wird die Unterst\u00fctzung auf der <strong>Demo am 9.3.2021<\/strong> \u2013 denn demonstrieren ist auch in Corona-Zeiten erlaubt, also geht mal wieder raus, Fr\u00fchlingsspaziergang mit Abstand, und bitte maskiert euch \u2013 es ist Auflage!<\/p>\n\n\n\n<ul class=\"wp-block-gallery alignleft columns-1 is-cropped wp-block-gallery-1 is-layout-flex\"><li class=\"blocks-gallery-item\"><figure><img decoding=\"async\" loading=\"lazy\" width=\"672\" height=\"952\" src=\"http:\/\/www.substanz-os.de\/wp-content\/uploads\/2021\/03\/202102_sharepic_Gesamtaufruf-1.jpg\" alt=\"\" data-id=\"1020\" data-link=\"http:\/\/www.substanz-os.de\/?attachment_id=1020\" class=\"wp-image-1020\" srcset=\"https:\/\/www.substanz-os.de\/wp-content\/uploads\/2021\/03\/202102_sharepic_Gesamtaufruf-1.jpg 672w, https:\/\/www.substanz-os.de\/wp-content\/uploads\/2021\/03\/202102_sharepic_Gesamtaufruf-1-212x300.jpg 212w\" sizes=\"(max-width: 672px) 100vw, 672px\" \/><\/figure><\/li><\/ul>\n\n\n\n<p>Alle weiteren Infos findet ihr auf <a href=\"https:\/\/www.wabos.org\" target=\"_blank\" rel=\"noreferrer noopener\" aria-label=\"https:\/\/www.wabos.org (\u00f6ffnet in neuem Tab)\">https:\/\/www.wabos.org<\/a><\/p>\n","protected":false},"excerpt":{"rendered":"<p>Etwas verwundert haltet ihr inne, legt die Zahnb\u00fcrste beiseite, reibt euch den Schlaf aus den Augen und schaut erneut aus dem kleinen Fenster \u00fcber dem Waschbecken. Gelb. Tats\u00e4chlich, was da mit Vollgas auf eure Behausung zuh\u00e4lt, mitten in Corona-Pandemie und Lockdown, ist \u2013 ein Bulldozer, am Steuer Stadtbaurat Otte. Da f\u00e4llt es schwer, nicht in &hellip; <\/p>\n<p class=\"link-more\"><a href=\"https:\/\/www.substanz-os.de\/?p=1018\" class=\"more-link\"><span class=\"screen-reader-text\">\u201eSolierkl\u00e4rung f\u00fcr die WabOS\u201c<\/span> weiterlesen<\/a><\/p>\n","protected":false},"author":2,"featured_media":0,"comment_status":"closed","ping_status":"closed","sticky":false,"template":"","format":"standard","meta":[],"categories":[209,23],"tags":[236,235,93,27],"post_mailing_queue_ids":[],"_links":{"self":[{"href":"https:\/\/www.substanz-os.de\/index.php?rest_route=\/wp\/v2\/posts\/1018"}],"collection":[{"href":"https:\/\/www.substanz-os.de\/index.php?rest_route=\/wp\/v2\/posts"}],"about":[{"href":"https:\/\/www.substanz-os.de\/index.php?rest_route=\/wp\/v2\/types\/post"}],"author":[{"embeddable":true,"href":"https:\/\/www.substanz-os.de\/index.php?rest_route=\/wp\/v2\/users\/2"}],"replies":[{"embeddable":true,"href":"https:\/\/www.substanz-os.de\/index.php?rest_route=%2Fwp%2Fv2%2Fcomments&post=1018"}],"version-history":[{"count":1,"href":"https:\/\/www.substanz-os.de\/index.php?rest_route=\/wp\/v2\/posts\/1018\/revisions"}],"predecessor-version":[{"id":1021,"href":"https:\/\/www.substanz-os.de\/index.php?rest_route=\/wp\/v2\/posts\/1018\/revisions\/1021"}],"wp:attachment":[{"href":"https:\/\/www.substanz-os.de\/index.php?rest_route=%2Fwp%2Fv2%2Fmedia&parent=1018"}],"wp:term":[{"taxonomy":"category","embeddable":true,"href":"https:\/\/www.substanz-os.de\/index.php?rest_route=%2Fwp%2Fv2%2Fcategories&post=1018"},{"taxonomy":"post_tag","embeddable":true,"href":"https:\/\/www.substanz-os.de\/index.php?rest_route=%2Fwp%2Fv2%2Ftags&post=1018"}],"curies":[{"name":"wp","href":"https:\/\/api.w.org\/{rel}","templated":true}]}}